{"id":808,"date":"2023-08-26T16:34:58","date_gmt":"2023-08-26T16:34:58","guid":{"rendered":"https:\/\/galwaycivictrust.ie\/?p=808"},"modified":"2024-02-19T02:01:14","modified_gmt":"2024-02-19T02:01:14","slug":"clann-nuallain-is-proud-to-announce-its-15th-biannual-agm-and-gathering","status":"publish","type":"post","link":"https:\/\/galwaycivictrust.ie\/index.php\/2023\/08\/26\/clann-nuallain-is-proud-to-announce-its-15th-biannual-agm-and-gathering\/","title":{"rendered":"Clann Nuall\u00e1in is proud to announce its 15th biannual AGM and Gathering"},"content":{"rendered":"<h3><span style=\"color: #ff0000;\">The Nolan Clan \/ Clann Nuall\u00e1in is proud to announce its 15th biannual AGM and Gathering will be held on 9-10 September 2023 in Galway\u2019s Harbor Hotel.<\/span><\/h3>\n<p><img data-recalc-dims=\"1\" loading=\"lazy\" decoding=\"async\" data-attachment-id=\"715\" data-permalink=\"https:\/\/galwaycivictrust.ie\/index.php\/2023\/06\/28\/nolans-from-around-the-world-9-september-2023-galway-14th-biannual-agm-and-gathering\/nolan-crest-9-4-17\/\" data-orig-file=\"https:\/\/i0.wp.com\/galwaycivictrust.ie\/wp-content\/uploads\/2023\/06\/cb226b64-75a7-0f88-5299-6fc650e0bbdc.jpeg?fit=480%2C623&amp;ssl=1\" data-orig-size=\"480,623\" data-comments-opened=\"1\" data-image-meta=\"{&quot;aperture&quot;:&quot;0&quot;,&quot;credit&quot;:&quot;&quot;,&quot;camera&quot;:&quot;&quot;,&quot;caption&quot;:&quot;&quot;,&quot;created_timestamp&quot;:&quot;1492199583&quot;,&quot;copyright&quot;:&quot;&quot;,&quot;focal_length&quot;:&quot;0&quot;,&quot;iso&quot;:&quot;0&quot;,&quot;shutter_speed&quot;:&quot;0&quot;,&quot;title&quot;:&quot;Nolan crest 9-4-17*&quot;,&quot;orientation&quot;:&quot;1&quot;}\" data-image-title=\"Nolan crest 9-4-17*\" data-image-description=\"\" data-image-caption=\"\" data-medium-file=\"https:\/\/i0.wp.com\/galwaycivictrust.ie\/wp-content\/uploads\/2023\/06\/cb226b64-75a7-0f88-5299-6fc650e0bbdc.jpeg?fit=231%2C300&amp;ssl=1\" data-large-file=\"https:\/\/i0.wp.com\/galwaycivictrust.ie\/wp-content\/uploads\/2023\/06\/cb226b64-75a7-0f88-5299-6fc650e0bbdc.jpeg?fit=480%2C623&amp;ssl=1\" src=\"https:\/\/i0.wp.com\/galwaycivictrust.ie\/wp-content\/uploads\/2023\/06\/cb226b64-75a7-0f88-5299-6fc650e0bbdc.jpeg?resize=480%2C623&#038;ssl=1\" alt=\"\" width=\"480\" height=\"623\" class=\"alignright size-full wp-image-715\" srcset=\"https:\/\/i0.wp.com\/galwaycivictrust.ie\/wp-content\/uploads\/2023\/06\/cb226b64-75a7-0f88-5299-6fc650e0bbdc.jpeg?w=480&amp;ssl=1 480w, https:\/\/i0.wp.com\/galwaycivictrust.ie\/wp-content\/uploads\/2023\/06\/cb226b64-75a7-0f88-5299-6fc650e0bbdc.jpeg?resize=231%2C300&amp;ssl=1 231w\" sizes=\"auto, (max-width: 480px) 100vw, 480px\" \/>This year marks the Nolan Clan\u2019s first Gathering in Galway. We are excited to bring together the many Nolans of Galway, Ireland and the world to celebrate our rich history. Our program will honor the Nolans of Ballyloughane and Renmore at Nolan Park. We will visit the New Cemetery gravesite of Sebastian Nolan. We will learn about the 1642 Nolan\/Skerrett marriage stone on Abbeygate Street at a lecture by Jim Higgins, Galway City Heritage Officer, at the Mechanic\u2019s Institute. We will enjoy a walking tour of Galway led by noted expert Brian Nolan. We will attend Sunday mass at St. Colman\u2019s Church Corofin and visit Ballinderry Castle and the site of the Battle of Knockdoe.<\/p>\n<p>The weekend\u2019s highlight will be Saturday evening where the Nolan Clan will celebrate our shared kinship and history at its gala dinner and Awards of Appreciation ceremony at the Harbor Hotel. The Nolans of Carlow reestablished the Nolan Clan in 1995 and the Nolan Clan is a member of Clans of Ireland. This year we will welcome attendees from as far away as New Zealand, Canada and the USA.<\/p>\n<h4>PROGRAM<\/h4>\n<p><strong>9 September Saturday<\/strong><br \/>\n10:00 A wreath laying at P\u00e1irc U\u00ed Nuall\u00e1in \/ Nolan Park.<br \/>\n11:00 A visit to Galway New Cemetery and the grave of Sebastian Nolan<br \/>\n11:45 Presentation by Jim Higgins, Galway City Heritage Officer, on history and heraldry at the Galway<br \/>\nMechanics Institute. (RSVP for further information)<br \/>\n13:00 Walking tour of Galway City led by Brian Nolan (RSVP for further information)<br \/>\n16:00-17:00 Annual General Meeting at the Harbor Hotel Conference Room<br \/>\n16:00 Nolan Clan AGM at the Harbor Hotel<br \/>\n19:00 Cocktails and Gala Dinner at the Harbor Hotel (RSVP for further information)<\/p>\n<p><strong>10 September Sunday .<\/strong><br \/>\n11:30 Mass at Corofin church.<br \/>\n12:30 Lunch in Tuam<br \/>\n14:00 A visit to Ballinderry Castle and Nolan Cemetery<br \/>\n15:00 Visit to the site of the Battle of Knockdoe (19 August 1504)<\/p>\n<p><strong>CONTACT<\/strong>: Christopher Nolan, <a href=\"mailto:chrisanolan3@gmail.com\">chrisanolan3@gmail.com<\/a><\/p>\n<p><a href=\"https:\/\/www.facebook.com\/groups\/clanonolan\">https:\/\/www.facebook.com\/groups\/clanonolan\u00a0 \u00a0<\/a> \u00a0 \u00a0 \u00a0 \u00a0 \u00a0 \u00a0 \u00a0 \u00a0 \u00a0 \u00a0 \u00a0 \u00a0 \u00a0 \u00a0 \u00a0 <a href=\"https:\/\/nolanfamilies.org\/\">https:\/\/nolanfamilies.org\/<\/a><\/p>\n<p>&nbsp;<\/p>\n","protected":false},"excerpt":{"rendered":"<p>The Nolan Clan \/ Clann Nuall\u00e1in is proud to announce its 15th biannual AGM and Gathering will be held on 9-10 September 2023 in Galway\u2019s Harbor Hotel. This year marks the Nolan Clan\u2019s first Gathering in Galway. We are excited to bring together the many Nolans of Galway, Ireland and [&hellip;]<\/p>\n","protected":false},"author":1,"featured_media":715,"comment_status":"closed","ping_status":"open","sticky":false,"template":"","format":"standard","meta":{"jetpack_post_was_ever_published":false,"_jetpack_newsletter_access":"","_jetpack_dont_email_post_to_subs":false,"_jetpack_newsletter_tier_id":0,"_jetpack_memberships_contains_paywalled_content":false,"_jetpack_memberships_contains_paid_content":false,"footnotes":"","jetpack_publicize_message":"","jetpack_publicize_feature_enabled":true,"jetpack_social_post_already_shared":true,"jetpack_social_options":{"image_generator_settings":{"template":"highway","default_image_id":0,"enabled":false},"version":2}},"categories":[5],"tags":[337,255,32,338,260,333,10,257,336,334,335],"class_list":["post-808","post","type-post","status-publish","format-standard","has-post-thumbnail","hentry","category-events","tag-15th","tag-agm","tag-and","tag-announce","tag-biannual","tag-clann","tag-events","tag-gathering","tag-its","tag-nuallain","tag-proud"],"yoast_head":"<!-- This site is optimized with the Yoast SEO plugin v25.6 - https:\/\/yoast.com\/wordpress\/plugins\/seo\/ -->\n<title>Clann Nuall\u00e1in is proud to announce its 15th biannual AGM and Gathering - Galway Civic Trust - D\u00fachas Na Gaillimhe<\/title>\n<meta name=\"robots\" content=\"index, follow, max-snippet:-1, max-image-preview:large, max-video-preview:-1\" \/>\n<link rel=\"canonical\" href=\"https:\/\/galwaycivictrust.ie\/index.php\/2023\/08\/26\/clann-nuallain-is-proud-to-announce-its-15th-biannual-agm-and-gathering\/\" \/>\n<meta property=\"og:locale\" content=\"en_GB\" \/>\n<meta property=\"og:type\" content=\"article\" \/>\n<meta property=\"og:title\" content=\"Clann Nuall\u00e1in is proud to announce its 15th biannual AGM and Gathering - Galway Civic Trust - D\u00fachas Na Gaillimhe\" \/>\n<meta property=\"og:description\" content=\"The Nolan Clan \/ Clann Nuall\u00e1in is proud to announce its 15th biannual AGM and Gathering will be held on 9-10 September 2023 in Galway\u2019s Harbor Hotel. This year marks the Nolan Clan\u2019s first Gathering in Galway. We are excited to bring together the many Nolans of Galway, Ireland and [&hellip;]\" \/>\n<meta property=\"og:url\" content=\"https:\/\/galwaycivictrust.ie\/index.php\/2023\/08\/26\/clann-nuallain-is-proud-to-announce-its-15th-biannual-agm-and-gathering\/\" \/>\n<meta property=\"og:site_name\" content=\"Galway Civic Trust - D\u00fachas Na Gaillimhe\" \/>\n<meta property=\"article:author\" content=\"https:\/\/www.facebook.com\/declan.oshea.31\" \/>\n<meta property=\"article:published_time\" content=\"2023-08-26T16:34:58+00:00\" \/>\n<meta property=\"article:modified_time\" content=\"2024-02-19T02:01:14+00:00\" \/>\n<meta property=\"og:image\" content=\"https:\/\/galwaycivictrust.ie\/wp-content\/uploads\/2023\/06\/cb226b64-75a7-0f88-5299-6fc650e0bbdc.jpeg\" \/>\n\t<meta property=\"og:image:width\" content=\"480\" \/>\n\t<meta property=\"og:image:height\" content=\"623\" \/>\n\t<meta property=\"og:image:type\" content=\"image\/jpeg\" \/>\n<meta name=\"author\" content=\"Declan O&#039;Shea\" \/>\n<meta name=\"twitter:card\" content=\"summary_large_image\" \/>\n<meta name=\"twitter:creator\" content=\"@GalwayCTrust\" \/>\n<meta name=\"twitter:label1\" content=\"Written by\" \/>\n\t<meta name=\"twitter:data1\" content=\"Declan O&#039;Shea\" \/>\n\t<meta name=\"twitter:label2\" content=\"Estimated reading time\" \/>\n\t<meta name=\"twitter:data2\" content=\"2 minutes\" \/>\n<script type=\"application\/ld+json\" class=\"yoast-schema-graph\">{\"@context\":\"https:\/\/schema.org\",\"@graph\":[{\"@type\":\"Article\",\"@id\":\"https:\/\/galwaycivictrust.ie\/index.php\/2023\/08\/26\/clann-nuallain-is-proud-to-announce-its-15th-biannual-agm-and-gathering\/#article\",\"isPartOf\":{\"@id\":\"https:\/\/galwaycivictrust.ie\/index.php\/2023\/08\/26\/clann-nuallain-is-proud-to-announce-its-15th-biannual-agm-and-gathering\/\"},\"author\":{\"name\":\"Declan O'Shea\",\"@id\":\"https:\/\/galwaycivictrust.ie\/#\/schema\/person\/011f667a52f5820a24ed33813701fb69\"},\"headline\":\"Clann Nuall\u00e1in is proud to announce its 15th biannual AGM and Gathering\",\"datePublished\":\"2023-08-26T16:34:58+00:00\",\"dateModified\":\"2024-02-19T02:01:14+00:00\",\"mainEntityOfPage\":{\"@id\":\"https:\/\/galwaycivictrust.ie\/index.php\/2023\/08\/26\/clann-nuallain-is-proud-to-announce-its-15th-biannual-agm-and-gathering\/\"},\"wordCount\":359,\"publisher\":{\"@id\":\"https:\/\/galwaycivictrust.ie\/#organization\"},\"image\":{\"@id\":\"https:\/\/galwaycivictrust.ie\/index.php\/2023\/08\/26\/clann-nuallain-is-proud-to-announce-its-15th-biannual-agm-and-gathering\/#primaryimage\"},\"thumbnailUrl\":\"https:\/\/i0.wp.com\/galwaycivictrust.ie\/wp-content\/uploads\/2023\/06\/cb226b64-75a7-0f88-5299-6fc650e0bbdc.jpeg?fit=480%2C623&ssl=1\",\"keywords\":[\"15th\",\"agm\",\"and\",\"announce\",\"biannual\",\"clann\",\"events\",\"gathering\",\"its\",\"nuall\u00e1in\",\"proud\"],\"articleSection\":[\"Events\"],\"inLanguage\":\"en-GB\"},{\"@type\":\"WebPage\",\"@id\":\"https:\/\/galwaycivictrust.ie\/index.php\/2023\/08\/26\/clann-nuallain-is-proud-to-announce-its-15th-biannual-agm-and-gathering\/\",\"url\":\"https:\/\/galwaycivictrust.ie\/index.php\/2023\/08\/26\/clann-nuallain-is-proud-to-announce-its-15th-biannual-agm-and-gathering\/\",\"name\":\"Clann Nuall\u00e1in is proud to announce its 15th biannual AGM and Gathering - Galway Civic Trust - D\u00fachas Na Gaillimhe\",\"isPartOf\":{\"@id\":\"https:\/\/galwaycivictrust.ie\/#website\"},\"primaryImageOfPage\":{\"@id\":\"https:\/\/galwaycivictrust.ie\/index.php\/2023\/08\/26\/clann-nuallain-is-proud-to-announce-its-15th-biannual-agm-and-gathering\/#primaryimage\"},\"image\":{\"@id\":\"https:\/\/galwaycivictrust.ie\/index.php\/2023\/08\/26\/clann-nuallain-is-proud-to-announce-its-15th-biannual-agm-and-gathering\/#primaryimage\"},\"thumbnailUrl\":\"https:\/\/i0.wp.com\/galwaycivictrust.ie\/wp-content\/uploads\/2023\/06\/cb226b64-75a7-0f88-5299-6fc650e0bbdc.jpeg?fit=480%2C623&ssl=1\",\"datePublished\":\"2023-08-26T16:34:58+00:00\",\"dateModified\":\"2024-02-19T02:01:14+00:00\",\"breadcrumb\":{\"@id\":\"https:\/\/galwaycivictrust.ie\/index.php\/2023\/08\/26\/clann-nuallain-is-proud-to-announce-its-15th-biannual-agm-and-gathering\/#breadcrumb\"},\"inLanguage\":\"en-GB\",\"potentialAction\":[{\"@type\":\"ReadAction\",\"target\":[\"https:\/\/galwaycivictrust.ie\/index.php\/2023\/08\/26\/clann-nuallain-is-proud-to-announce-its-15th-biannual-agm-and-gathering\/\"]}]},{\"@type\":\"ImageObject\",\"inLanguage\":\"en-GB\",\"@id\":\"https:\/\/galwaycivictrust.ie\/index.php\/2023\/08\/26\/clann-nuallain-is-proud-to-announce-its-15th-biannual-agm-and-gathering\/#primaryimage\",\"url\":\"https:\/\/i0.wp.com\/galwaycivictrust.ie\/wp-content\/uploads\/2023\/06\/cb226b64-75a7-0f88-5299-6fc650e0bbdc.jpeg?fit=480%2C623&ssl=1\",\"contentUrl\":\"https:\/\/i0.wp.com\/galwaycivictrust.ie\/wp-content\/uploads\/2023\/06\/cb226b64-75a7-0f88-5299-6fc650e0bbdc.jpeg?fit=480%2C623&ssl=1\",\"width\":480,\"height\":623},{\"@type\":\"BreadcrumbList\",\"@id\":\"https:\/\/galwaycivictrust.ie\/index.php\/2023\/08\/26\/clann-nuallain-is-proud-to-announce-its-15th-biannual-agm-and-gathering\/#breadcrumb\",\"itemListElement\":[{\"@type\":\"ListItem\",\"position\":1,\"name\":\"Home\",\"item\":\"https:\/\/galwaycivictrust.ie\/\"},{\"@type\":\"ListItem\",\"position\":2,\"name\":\"Clann Nuall\u00e1in is proud to announce its 15th biannual AGM and Gathering\"}]},{\"@type\":\"WebSite\",\"@id\":\"https:\/\/galwaycivictrust.ie\/#website\",\"url\":\"https:\/\/galwaycivictrust.ie\/\",\"name\":\"Galway Civic Trust - D\u00fachas Na Gaillimhe\",\"description\":\"Galway Civic Trust - D\u00fachas Na Gaillimhe\",\"publisher\":{\"@id\":\"https:\/\/galwaycivictrust.ie\/#organization\"},\"potentialAction\":[{\"@type\":\"SearchAction\",\"target\":{\"@type\":\"EntryPoint\",\"urlTemplate\":\"https:\/\/galwaycivictrust.ie\/?s={search_term_string}\"},\"query-input\":{\"@type\":\"PropertyValueSpecification\",\"valueRequired\":true,\"valueName\":\"search_term_string\"}}],\"inLanguage\":\"en-GB\"},{\"@type\":\"Organization\",\"@id\":\"https:\/\/galwaycivictrust.ie\/#organization\",\"name\":\"Galway Civic Trust - D\u00fachas Na Gaillimhe\",\"url\":\"https:\/\/galwaycivictrust.ie\/\",\"logo\":{\"@type\":\"ImageObject\",\"inLanguage\":\"en-GB\",\"@id\":\"https:\/\/galwaycivictrust.ie\/#\/schema\/logo\/image\/\",\"url\":\"https:\/\/i0.wp.com\/galwaycivictrust.ie\/wp-content\/uploads\/2021\/11\/index-1.jpg?fit=225%2C225&ssl=1\",\"contentUrl\":\"https:\/\/i0.wp.com\/galwaycivictrust.ie\/wp-content\/uploads\/2021\/11\/index-1.jpg?fit=225%2C225&ssl=1\",\"width\":225,\"height\":225,\"caption\":\"Galway Civic Trust    -    D\u00fachas Na Gaillimhe\"},\"image\":{\"@id\":\"https:\/\/galwaycivictrust.ie\/#\/schema\/logo\/image\/\"}},{\"@type\":\"Person\",\"@id\":\"https:\/\/galwaycivictrust.ie\/#\/schema\/person\/011f667a52f5820a24ed33813701fb69\",\"name\":\"Declan O'Shea\",\"image\":{\"@type\":\"ImageObject\",\"inLanguage\":\"en-GB\",\"@id\":\"https:\/\/galwaycivictrust.ie\/#\/schema\/person\/image\/\",\"url\":\"https:\/\/secure.gravatar.com\/avatar\/fa3e268e28ac0f56db9eab20787bec1804913f685ab6306f77361565fd0713ce?s=96&d=mm&r=g\",\"contentUrl\":\"https:\/\/secure.gravatar.com\/avatar\/fa3e268e28ac0f56db9eab20787bec1804913f685ab6306f77361565fd0713ce?s=96&d=mm&r=g\",\"caption\":\"Declan O'Shea\"},\"sameAs\":[\"https:\/\/galwaycivictrust.ie\",\"https:\/\/www.facebook.com\/declan.oshea.31\",\"https:\/\/x.com\/GalwayCTrust\"],\"url\":\"https:\/\/galwaycivictrust.ie\/index.php\/author\/admin_iarla\/\"}]}<\/script>\n<!-- \/ Yoast SEO plugin. -->","yoast_head_json":{"title":"Clann Nuall\u00e1in is proud to announce its 15th biannual AGM and Gathering - Galway Civic Trust - D\u00fachas Na Gaillimhe","robots":{"index":"index","follow":"follow","max-snippet":"max-snippet:-1","max-image-preview":"max-image-preview:large","max-video-preview":"max-video-preview:-1"},"canonical":"https:\/\/galwaycivictrust.ie\/index.php\/2023\/08\/26\/clann-nuallain-is-proud-to-announce-its-15th-biannual-agm-and-gathering\/","og_locale":"en_GB","og_type":"article","og_title":"Clann Nuall\u00e1in is proud to announce its 15th biannual AGM and Gathering - Galway Civic Trust - D\u00fachas Na Gaillimhe","og_description":"The Nolan Clan \/ Clann Nuall\u00e1in is proud to announce its 15th biannual AGM and Gathering will be held on 9-10 September 2023 in Galway\u2019s Harbor Hotel. This year marks the Nolan Clan\u2019s first Gathering in Galway. We are excited to bring together the many Nolans of Galway, Ireland and [&hellip;]","og_url":"https:\/\/galwaycivictrust.ie\/index.php\/2023\/08\/26\/clann-nuallain-is-proud-to-announce-its-15th-biannual-agm-and-gathering\/","og_site_name":"Galway Civic Trust - D\u00fachas Na Gaillimhe","article_author":"https:\/\/www.facebook.com\/declan.oshea.31","article_published_time":"2023-08-26T16:34:58+00:00","article_modified_time":"2024-02-19T02:01:14+00:00","og_image":[{"width":480,"height":623,"url":"https:\/\/galwaycivictrust.ie\/wp-content\/uploads\/2023\/06\/cb226b64-75a7-0f88-5299-6fc650e0bbdc.jpeg","type":"image\/jpeg"}],"author":"Declan O'Shea","twitter_card":"summary_large_image","twitter_creator":"@GalwayCTrust","twitter_misc":{"Written by":"Declan O'Shea","Estimated reading time":"2 minutes"},"schema":{"@context":"https:\/\/schema.org","@graph":[{"@type":"Article","@id":"https:\/\/galwaycivictrust.ie\/index.php\/2023\/08\/26\/clann-nuallain-is-proud-to-announce-its-15th-biannual-agm-and-gathering\/#article","isPartOf":{"@id":"https:\/\/galwaycivictrust.ie\/index.php\/2023\/08\/26\/clann-nuallain-is-proud-to-announce-its-15th-biannual-agm-and-gathering\/"},"author":{"name":"Declan O'Shea","@id":"https:\/\/galwaycivictrust.ie\/#\/schema\/person\/011f667a52f5820a24ed33813701fb69"},"headline":"Clann Nuall\u00e1in is proud to announce its 15th biannual AGM and Gathering","datePublished":"2023-08-26T16:34:58+00:00","dateModified":"2024-02-19T02:01:14+00:00","mainEntityOfPage":{"@id":"https:\/\/galwaycivictrust.ie\/index.php\/2023\/08\/26\/clann-nuallain-is-proud-to-announce-its-15th-biannual-agm-and-gathering\/"},"wordCount":359,"publisher":{"@id":"https:\/\/galwaycivictrust.ie\/#organization"},"image":{"@id":"https:\/\/galwaycivictrust.ie\/index.php\/2023\/08\/26\/clann-nuallain-is-proud-to-announce-its-15th-biannual-agm-and-gathering\/#primaryimage"},"thumbnailUrl":"https:\/\/i0.wp.com\/galwaycivictrust.ie\/wp-content\/uploads\/2023\/06\/cb226b64-75a7-0f88-5299-6fc650e0bbdc.jpeg?fit=480%2C623&ssl=1","keywords":["15th","agm","and","announce","biannual","clann","events","gathering","its","nuall\u00e1in","proud"],"articleSection":["Events"],"inLanguage":"en-GB"},{"@type":"WebPage","@id":"https:\/\/galwaycivictrust.ie\/index.php\/2023\/08\/26\/clann-nuallain-is-proud-to-announce-its-15th-biannual-agm-and-gathering\/","url":"https:\/\/galwaycivictrust.ie\/index.php\/2023\/08\/26\/clann-nuallain-is-proud-to-announce-its-15th-biannual-agm-and-gathering\/","name":"Clann Nuall\u00e1in is proud to announce its 15th biannual AGM and Gathering - Galway Civic Trust - D\u00fachas Na Gaillimhe","isPartOf":{"@id":"https:\/\/galwaycivictrust.ie\/#website"},"primaryImageOfPage":{"@id":"https:\/\/galwaycivictrust.ie\/index.php\/2023\/08\/26\/clann-nuallain-is-proud-to-announce-its-15th-biannual-agm-and-gathering\/#primaryimage"},"image":{"@id":"https:\/\/galwaycivictrust.ie\/index.php\/2023\/08\/26\/clann-nuallain-is-proud-to-announce-its-15th-biannual-agm-and-gathering\/#primaryimage"},"thumbnailUrl":"https:\/\/i0.wp.com\/galwaycivictrust.ie\/wp-content\/uploads\/2023\/06\/cb226b64-75a7-0f88-5299-6fc650e0bbdc.jpeg?fit=480%2C623&ssl=1","datePublished":"2023-08-26T16:34:58+00:00","dateModified":"2024-02-19T02:01:14+00:00","breadcrumb":{"@id":"https:\/\/galwaycivictrust.ie\/index.php\/2023\/08\/26\/clann-nuallain-is-proud-to-announce-its-15th-biannual-agm-and-gathering\/#breadcrumb"},"inLanguage":"en-GB","potentialAction":[{"@type":"ReadAction","target":["https:\/\/galwaycivictrust.ie\/index.php\/2023\/08\/26\/clann-nuallain-is-proud-to-announce-its-15th-biannual-agm-and-gathering\/"]}]},{"@type":"ImageObject","inLanguage":"en-GB","@id":"https:\/\/galwaycivictrust.ie\/index.php\/2023\/08\/26\/clann-nuallain-is-proud-to-announce-its-15th-biannual-agm-and-gathering\/#primaryimage","url":"https:\/\/i0.wp.com\/galwaycivictrust.ie\/wp-content\/uploads\/2023\/06\/cb226b64-75a7-0f88-5299-6fc650e0bbdc.jpeg?fit=480%2C623&ssl=1","contentUrl":"https:\/\/i0.wp.com\/galwaycivictrust.ie\/wp-content\/uploads\/2023\/06\/cb226b64-75a7-0f88-5299-6fc650e0bbdc.jpeg?fit=480%2C623&ssl=1","width":480,"height":623},{"@type":"BreadcrumbList","@id":"https:\/\/galwaycivictrust.ie\/index.php\/2023\/08\/26\/clann-nuallain-is-proud-to-announce-its-15th-biannual-agm-and-gathering\/#breadcrumb","itemListElement":[{"@type":"ListItem","position":1,"name":"Home","item":"https:\/\/galwaycivictrust.ie\/"},{"@type":"ListItem","position":2,"name":"Clann Nuall\u00e1in is proud to announce its 15th biannual AGM and Gathering"}]},{"@type":"WebSite","@id":"https:\/\/galwaycivictrust.ie\/#website","url":"https:\/\/galwaycivictrust.ie\/","name":"Galway Civic Trust - D\u00fachas Na Gaillimhe","description":"Galway Civic Trust - D\u00fachas Na Gaillimhe","publisher":{"@id":"https:\/\/galwaycivictrust.ie\/#organization"},"potentialAction":[{"@type":"SearchAction","target":{"@type":"EntryPoint","urlTemplate":"https:\/\/galwaycivictrust.ie\/?s={search_term_string}"},"query-input":{"@type":"PropertyValueSpecification","valueRequired":true,"valueName":"search_term_string"}}],"inLanguage":"en-GB"},{"@type":"Organization","@id":"https:\/\/galwaycivictrust.ie\/#organization","name":"Galway Civic Trust - D\u00fachas Na Gaillimhe","url":"https:\/\/galwaycivictrust.ie\/","logo":{"@type":"ImageObject","inLanguage":"en-GB","@id":"https:\/\/galwaycivictrust.ie\/#\/schema\/logo\/image\/","url":"https:\/\/i0.wp.com\/galwaycivictrust.ie\/wp-content\/uploads\/2021\/11\/index-1.jpg?fit=225%2C225&ssl=1","contentUrl":"https:\/\/i0.wp.com\/galwaycivictrust.ie\/wp-content\/uploads\/2021\/11\/index-1.jpg?fit=225%2C225&ssl=1","width":225,"height":225,"caption":"Galway Civic Trust    -    D\u00fachas Na Gaillimhe"},"image":{"@id":"https:\/\/galwaycivictrust.ie\/#\/schema\/logo\/image\/"}},{"@type":"Person","@id":"https:\/\/galwaycivictrust.ie\/#\/schema\/person\/011f667a52f5820a24ed33813701fb69","name":"Declan O'Shea","image":{"@type":"ImageObject","inLanguage":"en-GB","@id":"https:\/\/galwaycivictrust.ie\/#\/schema\/person\/image\/","url":"https:\/\/secure.gravatar.com\/avatar\/fa3e268e28ac0f56db9eab20787bec1804913f685ab6306f77361565fd0713ce?s=96&d=mm&r=g","contentUrl":"https:\/\/secure.gravatar.com\/avatar\/fa3e268e28ac0f56db9eab20787bec1804913f685ab6306f77361565fd0713ce?s=96&d=mm&r=g","caption":"Declan O'Shea"},"sameAs":["https:\/\/galwaycivictrust.ie","https:\/\/www.facebook.com\/declan.oshea.31","https:\/\/x.com\/GalwayCTrust"],"url":"https:\/\/galwaycivictrust.ie\/index.php\/author\/admin_iarla\/"}]}},"jetpack_publicize_connections":[],"jetpack_featured_media_url":"https:\/\/i0.wp.com\/galwaycivictrust.ie\/wp-content\/uploads\/2023\/06\/cb226b64-75a7-0f88-5299-6fc650e0bbdc.jpeg?fit=480%2C623&ssl=1","jetpack_likes_enabled":true,"jetpack_sharing_enabled":true,"jetpack-related-posts":[],"jetpack_shortlink":"https:\/\/wp.me\/pdwf9E-d2","_links":{"self":[{"href":"https:\/\/galwaycivictrust.ie\/index.php\/wp-json\/wp\/v2\/posts\/808","targetHints":{"allow":["GET"]}}],"collection":[{"href":"https:\/\/galwaycivictrust.ie\/index.php\/wp-json\/wp\/v2\/posts"}],"about":[{"href":"https:\/\/galwaycivictrust.ie\/index.php\/wp-json\/wp\/v2\/types\/post"}],"author":[{"embeddable":true,"href":"https:\/\/galwaycivictrust.ie\/index.php\/wp-json\/wp\/v2\/users\/1"}],"replies":[{"embeddable":true,"href":"https:\/\/galwaycivictrust.ie\/index.php\/wp-json\/wp\/v2\/comments?post=808"}],"version-history":[{"count":3,"href":"https:\/\/galwaycivictrust.ie\/index.php\/wp-json\/wp\/v2\/posts\/808\/revisions"}],"predecessor-version":[{"id":947,"href":"https:\/\/galwaycivictrust.ie\/index.php\/wp-json\/wp\/v2\/posts\/808\/revisions\/947"}],"wp:featuredmedia":[{"embeddable":true,"href":"https:\/\/galwaycivictrust.ie\/index.php\/wp-json\/wp\/v2\/media\/715"}],"wp:attachment":[{"href":"https:\/\/galwaycivictrust.ie\/index.php\/wp-json\/wp\/v2\/media?parent=808"}],"wp:term":[{"taxonomy":"category","embeddable":true,"href":"https:\/\/galwaycivictrust.ie\/index.php\/wp-json\/wp\/v2\/categories?post=808"},{"taxonomy":"post_tag","embeddable":true,"href":"https:\/\/galwaycivictrust.ie\/index.php\/wp-json\/wp\/v2\/tags?post=808"}],"curies":[{"name":"wp","href":"https:\/\/api.w.org\/{rel}","templated":true}]}}