{"id":482,"date":"2022-10-13T11:45:17","date_gmt":"2022-10-13T11:45:17","guid":{"rendered":"https:\/\/galwaycivictrust.ie\/?p=482"},"modified":"2022-11-21T23:32:33","modified_gmt":"2022-11-21T23:32:33","slug":"free-events-in-galway-to-mark-national-harp-day-this-weekend","status":"publish","type":"post","link":"https:\/\/galwaycivictrust.ie\/index.php\/2022\/10\/13\/free-events-in-galway-to-mark-national-harp-day-this-weekend\/","title":{"rendered":"Free events in Galway to mark National Harp Day this weekend"},"content":{"rendered":"<p><a href=\"https:\/\/www.advertiser.ie\/galway\/article\/132124\/free-events-in-galway-to-mark-national-harp-day-this-weekend\">Galway Advertiser<\/a>, Thu, Oct 13, 2022<\/p>\n<div id=\"attachment_483\" style=\"width: 310px\" class=\"wp-caption alignleft\"><img data-recalc-dims=\"1\" loading=\"lazy\" decoding=\"async\" aria-describedby=\"caption-attachment-483\" data-attachment-id=\"483\" data-permalink=\"https:\/\/galwaycivictrust.ie\/index.php\/2022\/10\/13\/free-events-in-galway-to-mark-national-harp-day-this-weekend\/attachment\/132124\/\" data-orig-file=\"https:\/\/i0.wp.com\/galwaycivictrust.ie\/wp-content\/uploads\/2022\/10\/132124.jpg?fit=700%2C567&amp;ssl=1\" data-orig-size=\"700,567\" data-comments-opened=\"1\" data-image-meta=\"{&quot;aperture&quot;:&quot;0&quot;,&quot;credit&quot;:&quot;&quot;,&quot;camera&quot;:&quot;&quot;,&quot;caption&quot;:&quot;&quot;,&quot;created_timestamp&quot;:&quot;0&quot;,&quot;copyright&quot;:&quot;&quot;,&quot;focal_length&quot;:&quot;0&quot;,&quot;iso&quot;:&quot;0&quot;,&quot;shutter_speed&quot;:&quot;0&quot;,&quot;title&quot;:&quot;&quot;,&quot;orientation&quot;:&quot;0&quot;}\" data-image-title=\"132124\" data-image-description=\"&lt;p&gt;Natalie Surina&lt;\/p&gt;\n\" data-image-caption=\"&lt;p&gt;Natalie Surina&lt;\/p&gt;\n\" data-medium-file=\"https:\/\/i0.wp.com\/galwaycivictrust.ie\/wp-content\/uploads\/2022\/10\/132124.jpg?fit=300%2C243&amp;ssl=1\" data-large-file=\"https:\/\/i0.wp.com\/galwaycivictrust.ie\/wp-content\/uploads\/2022\/10\/132124.jpg?fit=700%2C567&amp;ssl=1\" class=\"size-medium wp-image-483\" src=\"https:\/\/i0.wp.com\/galwaycivictrust.ie\/wp-content\/uploads\/2022\/10\/132124.jpg?resize=300%2C243&#038;ssl=1\" alt=\"Natalie Surina\" width=\"300\" height=\"243\" srcset=\"https:\/\/i0.wp.com\/galwaycivictrust.ie\/wp-content\/uploads\/2022\/10\/132124.jpg?resize=300%2C243&amp;ssl=1 300w, https:\/\/i0.wp.com\/galwaycivictrust.ie\/wp-content\/uploads\/2022\/10\/132124.jpg?w=700&amp;ssl=1 700w\" sizes=\"auto, (max-width: 300px) 100vw, 300px\" \/><p id=\"caption-attachment-483\" class=\"wp-caption-text\">Natalie Surina<\/p><\/div>\n<p id=\"intro\" class=\"lead\">Harps Together L\u00e1 na Cruite Harp Day 2022 takes place on Saturday October 15 with live and online events planned all over the world. For the sixth year in a row, Irish harpers extend a warm invitation to harpers everywhere to join with them in celebrating the 1000-year-old Irish harping tradition.<\/p>\n<p>In Galway on October 15, National Harp Day will be celebrated with a series of free events in various venues throughout Galway City.<\/p>\n<p>At the city museum on Saturday, see an exhibition of harp making by Galway makers \u00c9ri\u00fa Harps and Callan Harps (11:00 am-1:00 pm ), and hear Galway harpers and their students play a variety of harps, from the Early Irish harp strung with brass to the modern Irish harp. (11:00 am-1:00 pm ).<\/p>\n<p>In pop-up performances, \u00c1ine Parslow fills the Galway City Library with the magic of the harp (11:00 am ) and Natalie Surina showcases the melting sound of her wire-strung copy of the 15thcentury Trinity College Harp in Opus II, High Street (2:30 pm ).<\/p>\n<p>At 6:00 pm enjoy a \u2018Harpy Hour\u2019 of harp music and harp-related poetry at the Crane Bar with Catriona Cannon, Kathleen Loughnane, Ciara Ryan and M\u00e1ir\u00edn N\u00ed Dhonnchadha.<\/p>\n<p>La? na Cruite Harp Day 2022 puts a spotlight on harp music\u2019s special ability to unite cultures and celebrate difference. This year also marks the 230th anniversary of the 1792 Belfast Harpers\u2019 Assembly, and many of the events planned on L\u00e1 na Cruite | Harp Day will draw from and celebrate the invaluable legacy left by Edward Bunting and the Assembly on the Irish harping tradition.<\/p>\n<p>\u201cWe are excited that our 2022 programme highlights the vibrance of the harping tradition, its extraordinary popularity and its great diversity\u2019 comments Aibhl\u00edn McCrann, Chair, Cruit \u00c9ireann Harp Ireland, \u201cThe harp is a vibrant cultural presence across different genres; we are thrilled to be working with so many gifted harpers and artists to shine a spotlight on harping and welcome new audiences to enjoy it.\u201d<\/p>\n<p>All Galway events are free. For more information on museum events, visit the Galway Museum webpage\u00a0<a href=\"http:\/\/galwaycitymuseum.ie\/events\/\" target=\"_blank\" rel=\"noopener\">http:\/\/galwaycitymuseum.ie\/events\/.<\/a>\u00a0National Harp Day is supported by The Arts Council of Ireland, RTE Supporting the Arts and Lyric FM.<\/p>\n<p>&nbsp;<\/p>\n<p>Source:\u00a0 <a href=\"https:\/\/www.advertiser.ie\/galway\/article\/132124\/free-events-in-galway-to-mark-national-harp-day-this-weekend\">https:\/\/www.advertiser.ie\/galway\/article\/132124\/free-events-in-galway&#8230;<\/a><\/p>\n<div dir=\"auto\">\n<div dir=\"auto\"><strong>Galway Civic Trust \/ D\u00fachas na Gaillimhe project work is supported by the\u00a0<a href=\"https:\/\/www.heritagecouncil.ie\/\">Heritage Council of Ireland.\u00a0<\/a><\/strong><\/div>\n<\/div>\n<div dir=\"auto\"><strong><a href=\"http:\/\/heritagecouncil.ie\/\"><img loading=\"lazy\" decoding=\"async\" data-attachment-id=\"303\" data-permalink=\"https:\/\/galwaycivictrust.ie\/index.php\/2022\/05\/13\/galway-civic-trust-receives-generous-support-from-heritage-council-for-promotion-of-heritage-premises-and-public-engagement\/heritagecouncillogo-788x210\/\" data-orig-file=\"https:\/\/i0.wp.com\/galwaycivictrust.ie\/wp-content\/uploads\/2022\/05\/HERITAGECOUNCILlogo-788x210-1.jpg?fit=788%2C210&amp;ssl=1\" data-orig-size=\"788,210\" data-comments-opened=\"1\" data-image-meta=\"{&quot;aperture&quot;:&quot;0&quot;,&quot;credit&quot;:&quot;&quot;,&quot;camera&quot;:&quot;&quot;,&quot;caption&quot;:&quot;&quot;,&quot;created_timestamp&quot;:&quot;0&quot;,&quot;copyright&quot;:&quot;&quot;,&quot;focal_length&quot;:&quot;0&quot;,&quot;iso&quot;:&quot;0&quot;,&quot;shutter_speed&quot;:&quot;0&quot;,&quot;title&quot;:&quot;&quot;,&quot;orientation&quot;:&quot;0&quot;}\" data-image-title=\"HERITAGECOUNCILlogo-788&amp;#215;210\" data-image-description=\"\" data-image-caption=\"\" data-medium-file=\"https:\/\/i0.wp.com\/galwaycivictrust.ie\/wp-content\/uploads\/2022\/05\/HERITAGECOUNCILlogo-788x210-1.jpg?fit=300%2C80&amp;ssl=1\" data-large-file=\"https:\/\/i0.wp.com\/galwaycivictrust.ie\/wp-content\/uploads\/2022\/05\/HERITAGECOUNCILlogo-788x210-1.jpg?fit=750%2C200&amp;ssl=1\" class=\"alignleft size-medium wp-image-303\" src=\"https:\/\/i0.wp.com\/galwaycivictrust.ie\/wp-content\/uploads\/2022\/05\/HERITAGECOUNCILlogo-788x210-1.jpg?resize=300%2C80&amp;ssl=1\" sizes=\"auto, (max-width: 300px) 100vw, 300px\" srcset=\"https:\/\/i0.wp.com\/galwaycivictrust.ie\/wp-content\/uploads\/2022\/05\/HERITAGECOUNCILlogo-788x210-1.jpg?resize=300%2C80&amp;ssl=1 300w, https:\/\/i0.wp.com\/galwaycivictrust.ie\/wp-content\/uploads\/2022\/05\/HERITAGECOUNCILlogo-788x210-1.jpg?resize=768%2C205&amp;ssl=1 768w, https:\/\/i0.wp.com\/galwaycivictrust.ie\/wp-content\/uploads\/2022\/05\/HERITAGECOUNCILlogo-788x210-1.jpg?w=788&amp;ssl=1 788w\" alt=\"\" width=\"300\" height=\"80\" \/><\/a><\/strong><\/div>\n<div class=\"sharedaddy sd-sharing-enabled\"><\/div>\n<p>&nbsp;<\/p>\n<p>&nbsp;<\/p>\n<p>&nbsp;<\/p>\n<div class=\"content-block text-center mb-5 pt-3 pt-md-4\">\n<h3><\/h3>\n<\/div>\n<div class=\"content-block text-block\">\n<p><a href=\"https:\/\/www.heritageweek.ie\/event-listings\/medieval-re-enactments-at-the-hall-of-the-red-earl\">HeritageWeek.ie<\/a><\/p>\n<p>Frozen in time, The Hall of the Red Earl stands as a tribute to and reminder of the medieval Galway of centuries gone by. Dating back to the 13th century, the archaeological ruins are linked to the founding of the city itself by the Anglo-Norman De Burgo clan. An incredibly significant monument, let\u2019s dust off the history behind the glass panes on Druid Lane\u2026<\/p>\n<p>An opportunity to glimpse an accurate depiction of medieval life as experienced by Anglo-Normans at the Hall of the Red Earl, Druid Lane, Galway. We will be hosting two full day events of medieval reenactments, played out by a cast under the direction of archaeologist James McKeon, along with scripts that have been professionally written based upon real historical events during the DeBurgo over-lordship of the region. We will also be giving free guided walks of Medieval Galway from the Hall of the Red Earl.<\/p>\n<p>With origins in the 1200s, The Hall of the Red Earl was Galway\u2019s very first municipal building and was utilised for tax collection, banquet hosting and the general administration of justice. Essentially a town hall, courthouse and tax office all under one roof, the building took its name from Richard de Burgo who just happened to be the Earl of Ulster, the grandson of the town\u2019s founding father.<\/p>\n<\/div>\n<p>&nbsp;<\/p>\n<p>Source:\u00a0\u00a0<a href=\"https:\/\/www.heritageweek.ie\/event-listings\/medieval-re-enactments-at-the-hall-of-the-red-earl\">https:\/\/www.heritageweek.ie\/event-listings\/medieval-re-enactments<\/a><\/p>\n<div dir=\"auto\">\n<div dir=\"auto\"><\/div>\n<\/div>\n<div class=\"sharedaddy sd-sharing-enabled\"><span style=\"color: #ff0000;\">Galway Civic Trust \/ D\u00fachas na Gaillimhe is supported by the Heritage Council of Ireland, The Office of Public Works (OPW), Inland Fisheries Ireland, Galway City Council, Galway County Council, and the National University of Ireland, Galway.<\/span><\/div>\n","protected":false},"excerpt":{"rendered":"<p>Galway Advertiser, Thu, Oct 13, 2022 Harps Together L\u00e1 na Cruite Harp Day 2022 takes place on Saturday October 15 with live and online events planned all over the world. For the sixth year in a row, Irish harpers extend a warm invitation to harpers everywhere to join with them [&hellip;]<\/p>\n","protected":false},"author":1,"featured_media":483,"comment_status":"closed","ping_status":"open","sticky":false,"template":"","format":"standard","meta":{"jetpack_post_was_ever_published":false,"_jetpack_newsletter_access":"","_jetpack_dont_email_post_to_subs":false,"_jetpack_newsletter_tier_id":0,"_jetpack_memberships_contains_paywalled_content":false,"_jetpack_memberships_contains_paid_content":false,"footnotes":"","jetpack_publicize_message":"","jetpack_publicize_feature_enabled":true,"jetpack_social_post_already_shared":true,"jetpack_social_options":{"image_generator_settings":{"template":"highway","default_image_id":0,"enabled":false},"version":2}},"categories":[5,1],"tags":[159,10,7,136,27,196,197,199,55,198],"class_list":["post-482","post","type-post","status-publish","format-standard","has-post-thumbnail","hentry","category-events","category-featured","tag-day","tag-events","tag-featured","tag-free","tag-galway","tag-harp","tag-mark","tag-national","tag-this","tag-weekend"],"yoast_head":"<!-- This site is optimized with the Yoast SEO plugin v25.6 - https:\/\/yoast.com\/wordpress\/plugins\/seo\/ -->\n<title>Free events in Galway to mark National Harp Day this weekend - Galway Civic Trust - D\u00fachas Na Gaillimhe<\/title>\n<meta name=\"robots\" content=\"index, follow, max-snippet:-1, max-image-preview:large, max-video-preview:-1\" \/>\n<link rel=\"canonical\" href=\"https:\/\/galwaycivictrust.ie\/index.php\/2022\/10\/13\/free-events-in-galway-to-mark-national-harp-day-this-weekend\/\" \/>\n<meta property=\"og:locale\" content=\"en_GB\" \/>\n<meta property=\"og:type\" content=\"article\" \/>\n<meta property=\"og:title\" content=\"Free events in Galway to mark National Harp Day this weekend - Galway Civic Trust - D\u00fachas Na Gaillimhe\" \/>\n<meta property=\"og:description\" content=\"Galway Advertiser, Thu, Oct 13, 2022 Harps Together L\u00e1 na Cruite Harp Day 2022 takes place on Saturday October 15 with live and online events planned all over the world. For the sixth year in a row, Irish harpers extend a warm invitation to harpers everywhere to join with them [&hellip;]\" \/>\n<meta property=\"og:url\" content=\"https:\/\/galwaycivictrust.ie\/index.php\/2022\/10\/13\/free-events-in-galway-to-mark-national-harp-day-this-weekend\/\" \/>\n<meta property=\"og:site_name\" content=\"Galway Civic Trust - D\u00fachas Na Gaillimhe\" \/>\n<meta property=\"article:author\" content=\"https:\/\/www.facebook.com\/declan.oshea.31\" \/>\n<meta property=\"article:published_time\" content=\"2022-10-13T11:45:17+00:00\" \/>\n<meta property=\"article:modified_time\" content=\"2022-11-21T23:32:33+00:00\" \/>\n<meta property=\"og:image\" content=\"https:\/\/i0.wp.com\/galwaycivictrust.ie\/wp-content\/uploads\/2022\/10\/132124.jpg?fit=700%2C567&ssl=1\" \/>\n\t<meta property=\"og:image:width\" content=\"700\" \/>\n\t<meta property=\"og:image:height\" content=\"567\" \/>\n\t<meta property=\"og:image:type\" content=\"image\/jpeg\" \/>\n<meta name=\"author\" content=\"Declan O&#039;Shea\" \/>\n<meta name=\"twitter:card\" content=\"summary_large_image\" \/>\n<meta name=\"twitter:creator\" content=\"@GalwayCTrust\" \/>\n<meta name=\"twitter:label1\" content=\"Written by\" \/>\n\t<meta name=\"twitter:data1\" content=\"Declan O&#039;Shea\" \/>\n\t<meta name=\"twitter:label2\" content=\"Estimated reading time\" \/>\n\t<meta name=\"twitter:data2\" content=\"4 minutes\" \/>\n<script type=\"application\/ld+json\" class=\"yoast-schema-graph\">{\"@context\":\"https:\/\/schema.org\",\"@graph\":[{\"@type\":\"Article\",\"@id\":\"https:\/\/galwaycivictrust.ie\/index.php\/2022\/10\/13\/free-events-in-galway-to-mark-national-harp-day-this-weekend\/#article\",\"isPartOf\":{\"@id\":\"https:\/\/galwaycivictrust.ie\/index.php\/2022\/10\/13\/free-events-in-galway-to-mark-national-harp-day-this-weekend\/\"},\"author\":{\"name\":\"Declan O'Shea\",\"@id\":\"https:\/\/galwaycivictrust.ie\/#\/schema\/person\/011f667a52f5820a24ed33813701fb69\"},\"headline\":\"Free events in Galway to mark National Harp Day this weekend\",\"datePublished\":\"2022-10-13T11:45:17+00:00\",\"dateModified\":\"2022-11-21T23:32:33+00:00\",\"mainEntityOfPage\":{\"@id\":\"https:\/\/galwaycivictrust.ie\/index.php\/2022\/10\/13\/free-events-in-galway-to-mark-national-harp-day-this-weekend\/\"},\"wordCount\":676,\"publisher\":{\"@id\":\"https:\/\/galwaycivictrust.ie\/#organization\"},\"image\":{\"@id\":\"https:\/\/galwaycivictrust.ie\/index.php\/2022\/10\/13\/free-events-in-galway-to-mark-national-harp-day-this-weekend\/#primaryimage\"},\"thumbnailUrl\":\"https:\/\/i0.wp.com\/galwaycivictrust.ie\/wp-content\/uploads\/2022\/10\/132124.jpg?fit=700%2C567&ssl=1\",\"keywords\":[\"day\",\"events\",\"featured\",\"free\",\"galway\",\"harp\",\"mark\",\"national\",\"this\",\"weekend\"],\"articleSection\":[\"Events\",\"Featured\"],\"inLanguage\":\"en-GB\"},{\"@type\":\"WebPage\",\"@id\":\"https:\/\/galwaycivictrust.ie\/index.php\/2022\/10\/13\/free-events-in-galway-to-mark-national-harp-day-this-weekend\/\",\"url\":\"https:\/\/galwaycivictrust.ie\/index.php\/2022\/10\/13\/free-events-in-galway-to-mark-national-harp-day-this-weekend\/\",\"name\":\"Free events in Galway to mark National Harp Day this weekend - Galway Civic Trust - D\u00fachas Na Gaillimhe\",\"isPartOf\":{\"@id\":\"https:\/\/galwaycivictrust.ie\/#website\"},\"primaryImageOfPage\":{\"@id\":\"https:\/\/galwaycivictrust.ie\/index.php\/2022\/10\/13\/free-events-in-galway-to-mark-national-harp-day-this-weekend\/#primaryimage\"},\"image\":{\"@id\":\"https:\/\/galwaycivictrust.ie\/index.php\/2022\/10\/13\/free-events-in-galway-to-mark-national-harp-day-this-weekend\/#primaryimage\"},\"thumbnailUrl\":\"https:\/\/i0.wp.com\/galwaycivictrust.ie\/wp-content\/uploads\/2022\/10\/132124.jpg?fit=700%2C567&ssl=1\",\"datePublished\":\"2022-10-13T11:45:17+00:00\",\"dateModified\":\"2022-11-21T23:32:33+00:00\",\"breadcrumb\":{\"@id\":\"https:\/\/galwaycivictrust.ie\/index.php\/2022\/10\/13\/free-events-in-galway-to-mark-national-harp-day-this-weekend\/#breadcrumb\"},\"inLanguage\":\"en-GB\",\"potentialAction\":[{\"@type\":\"ReadAction\",\"target\":[\"https:\/\/galwaycivictrust.ie\/index.php\/2022\/10\/13\/free-events-in-galway-to-mark-national-harp-day-this-weekend\/\"]}]},{\"@type\":\"ImageObject\",\"inLanguage\":\"en-GB\",\"@id\":\"https:\/\/galwaycivictrust.ie\/index.php\/2022\/10\/13\/free-events-in-galway-to-mark-national-harp-day-this-weekend\/#primaryimage\",\"url\":\"https:\/\/i0.wp.com\/galwaycivictrust.ie\/wp-content\/uploads\/2022\/10\/132124.jpg?fit=700%2C567&ssl=1\",\"contentUrl\":\"https:\/\/i0.wp.com\/galwaycivictrust.ie\/wp-content\/uploads\/2022\/10\/132124.jpg?fit=700%2C567&ssl=1\",\"width\":700,\"height\":567,\"caption\":\"Natalie Surina\"},{\"@type\":\"BreadcrumbList\",\"@id\":\"https:\/\/galwaycivictrust.ie\/index.php\/2022\/10\/13\/free-events-in-galway-to-mark-national-harp-day-this-weekend\/#breadcrumb\",\"itemListElement\":[{\"@type\":\"ListItem\",\"position\":1,\"name\":\"Home\",\"item\":\"https:\/\/galwaycivictrust.ie\/\"},{\"@type\":\"ListItem\",\"position\":2,\"name\":\"Free events in Galway to mark National Harp Day this weekend\"}]},{\"@type\":\"WebSite\",\"@id\":\"https:\/\/galwaycivictrust.ie\/#website\",\"url\":\"https:\/\/galwaycivictrust.ie\/\",\"name\":\"Galway Civic Trust - D\u00fachas Na Gaillimhe\",\"description\":\"Galway Civic Trust - D\u00fachas Na Gaillimhe\",\"publisher\":{\"@id\":\"https:\/\/galwaycivictrust.ie\/#organization\"},\"potentialAction\":[{\"@type\":\"SearchAction\",\"target\":{\"@type\":\"EntryPoint\",\"urlTemplate\":\"https:\/\/galwaycivictrust.ie\/?s={search_term_string}\"},\"query-input\":{\"@type\":\"PropertyValueSpecification\",\"valueRequired\":true,\"valueName\":\"search_term_string\"}}],\"inLanguage\":\"en-GB\"},{\"@type\":\"Organization\",\"@id\":\"https:\/\/galwaycivictrust.ie\/#organization\",\"name\":\"Galway Civic Trust - D\u00fachas Na Gaillimhe\",\"url\":\"https:\/\/galwaycivictrust.ie\/\",\"logo\":{\"@type\":\"ImageObject\",\"inLanguage\":\"en-GB\",\"@id\":\"https:\/\/galwaycivictrust.ie\/#\/schema\/logo\/image\/\",\"url\":\"https:\/\/i0.wp.com\/galwaycivictrust.ie\/wp-content\/uploads\/2021\/11\/index-1.jpg?fit=225%2C225&ssl=1\",\"contentUrl\":\"https:\/\/i0.wp.com\/galwaycivictrust.ie\/wp-content\/uploads\/2021\/11\/index-1.jpg?fit=225%2C225&ssl=1\",\"width\":225,\"height\":225,\"caption\":\"Galway Civic Trust    -    D\u00fachas Na Gaillimhe\"},\"image\":{\"@id\":\"https:\/\/galwaycivictrust.ie\/#\/schema\/logo\/image\/\"}},{\"@type\":\"Person\",\"@id\":\"https:\/\/galwaycivictrust.ie\/#\/schema\/person\/011f667a52f5820a24ed33813701fb69\",\"name\":\"Declan O'Shea\",\"image\":{\"@type\":\"ImageObject\",\"inLanguage\":\"en-GB\",\"@id\":\"https:\/\/galwaycivictrust.ie\/#\/schema\/person\/image\/\",\"url\":\"https:\/\/secure.gravatar.com\/avatar\/fa3e268e28ac0f56db9eab20787bec1804913f685ab6306f77361565fd0713ce?s=96&d=mm&r=g\",\"contentUrl\":\"https:\/\/secure.gravatar.com\/avatar\/fa3e268e28ac0f56db9eab20787bec1804913f685ab6306f77361565fd0713ce?s=96&d=mm&r=g\",\"caption\":\"Declan O'Shea\"},\"sameAs\":[\"https:\/\/galwaycivictrust.ie\",\"https:\/\/www.facebook.com\/declan.oshea.31\",\"https:\/\/x.com\/GalwayCTrust\"],\"url\":\"https:\/\/galwaycivictrust.ie\/index.php\/author\/admin_iarla\/\"}]}<\/script>\n<!-- \/ Yoast SEO plugin. -->","yoast_head_json":{"title":"Free events in Galway to mark National Harp Day this weekend - Galway Civic Trust - D\u00fachas Na Gaillimhe","robots":{"index":"index","follow":"follow","max-snippet":"max-snippet:-1","max-image-preview":"max-image-preview:large","max-video-preview":"max-video-preview:-1"},"canonical":"https:\/\/galwaycivictrust.ie\/index.php\/2022\/10\/13\/free-events-in-galway-to-mark-national-harp-day-this-weekend\/","og_locale":"en_GB","og_type":"article","og_title":"Free events in Galway to mark National Harp Day this weekend - Galway Civic Trust - D\u00fachas Na Gaillimhe","og_description":"Galway Advertiser, Thu, Oct 13, 2022 Harps Together L\u00e1 na Cruite Harp Day 2022 takes place on Saturday October 15 with live and online events planned all over the world. For the sixth year in a row, Irish harpers extend a warm invitation to harpers everywhere to join with them [&hellip;]","og_url":"https:\/\/galwaycivictrust.ie\/index.php\/2022\/10\/13\/free-events-in-galway-to-mark-national-harp-day-this-weekend\/","og_site_name":"Galway Civic Trust - D\u00fachas Na Gaillimhe","article_author":"https:\/\/www.facebook.com\/declan.oshea.31","article_published_time":"2022-10-13T11:45:17+00:00","article_modified_time":"2022-11-21T23:32:33+00:00","og_image":[{"width":700,"height":567,"url":"https:\/\/i0.wp.com\/galwaycivictrust.ie\/wp-content\/uploads\/2022\/10\/132124.jpg?fit=700%2C567&ssl=1","type":"image\/jpeg"}],"author":"Declan O'Shea","twitter_card":"summary_large_image","twitter_creator":"@GalwayCTrust","twitter_misc":{"Written by":"Declan O'Shea","Estimated reading time":"4 minutes"},"schema":{"@context":"https:\/\/schema.org","@graph":[{"@type":"Article","@id":"https:\/\/galwaycivictrust.ie\/index.php\/2022\/10\/13\/free-events-in-galway-to-mark-national-harp-day-this-weekend\/#article","isPartOf":{"@id":"https:\/\/galwaycivictrust.ie\/index.php\/2022\/10\/13\/free-events-in-galway-to-mark-national-harp-day-this-weekend\/"},"author":{"name":"Declan O'Shea","@id":"https:\/\/galwaycivictrust.ie\/#\/schema\/person\/011f667a52f5820a24ed33813701fb69"},"headline":"Free events in Galway to mark National Harp Day this weekend","datePublished":"2022-10-13T11:45:17+00:00","dateModified":"2022-11-21T23:32:33+00:00","mainEntityOfPage":{"@id":"https:\/\/galwaycivictrust.ie\/index.php\/2022\/10\/13\/free-events-in-galway-to-mark-national-harp-day-this-weekend\/"},"wordCount":676,"publisher":{"@id":"https:\/\/galwaycivictrust.ie\/#organization"},"image":{"@id":"https:\/\/galwaycivictrust.ie\/index.php\/2022\/10\/13\/free-events-in-galway-to-mark-national-harp-day-this-weekend\/#primaryimage"},"thumbnailUrl":"https:\/\/i0.wp.com\/galwaycivictrust.ie\/wp-content\/uploads\/2022\/10\/132124.jpg?fit=700%2C567&ssl=1","keywords":["day","events","featured","free","galway","harp","mark","national","this","weekend"],"articleSection":["Events","Featured"],"inLanguage":"en-GB"},{"@type":"WebPage","@id":"https:\/\/galwaycivictrust.ie\/index.php\/2022\/10\/13\/free-events-in-galway-to-mark-national-harp-day-this-weekend\/","url":"https:\/\/galwaycivictrust.ie\/index.php\/2022\/10\/13\/free-events-in-galway-to-mark-national-harp-day-this-weekend\/","name":"Free events in Galway to mark National Harp Day this weekend - Galway Civic Trust - D\u00fachas Na Gaillimhe","isPartOf":{"@id":"https:\/\/galwaycivictrust.ie\/#website"},"primaryImageOfPage":{"@id":"https:\/\/galwaycivictrust.ie\/index.php\/2022\/10\/13\/free-events-in-galway-to-mark-national-harp-day-this-weekend\/#primaryimage"},"image":{"@id":"https:\/\/galwaycivictrust.ie\/index.php\/2022\/10\/13\/free-events-in-galway-to-mark-national-harp-day-this-weekend\/#primaryimage"},"thumbnailUrl":"https:\/\/i0.wp.com\/galwaycivictrust.ie\/wp-content\/uploads\/2022\/10\/132124.jpg?fit=700%2C567&ssl=1","datePublished":"2022-10-13T11:45:17+00:00","dateModified":"2022-11-21T23:32:33+00:00","breadcrumb":{"@id":"https:\/\/galwaycivictrust.ie\/index.php\/2022\/10\/13\/free-events-in-galway-to-mark-national-harp-day-this-weekend\/#breadcrumb"},"inLanguage":"en-GB","potentialAction":[{"@type":"ReadAction","target":["https:\/\/galwaycivictrust.ie\/index.php\/2022\/10\/13\/free-events-in-galway-to-mark-national-harp-day-this-weekend\/"]}]},{"@type":"ImageObject","inLanguage":"en-GB","@id":"https:\/\/galwaycivictrust.ie\/index.php\/2022\/10\/13\/free-events-in-galway-to-mark-national-harp-day-this-weekend\/#primaryimage","url":"https:\/\/i0.wp.com\/galwaycivictrust.ie\/wp-content\/uploads\/2022\/10\/132124.jpg?fit=700%2C567&ssl=1","contentUrl":"https:\/\/i0.wp.com\/galwaycivictrust.ie\/wp-content\/uploads\/2022\/10\/132124.jpg?fit=700%2C567&ssl=1","width":700,"height":567,"caption":"Natalie Surina"},{"@type":"BreadcrumbList","@id":"https:\/\/galwaycivictrust.ie\/index.php\/2022\/10\/13\/free-events-in-galway-to-mark-national-harp-day-this-weekend\/#breadcrumb","itemListElement":[{"@type":"ListItem","position":1,"name":"Home","item":"https:\/\/galwaycivictrust.ie\/"},{"@type":"ListItem","position":2,"name":"Free events in Galway to mark National Harp Day this weekend"}]},{"@type":"WebSite","@id":"https:\/\/galwaycivictrust.ie\/#website","url":"https:\/\/galwaycivictrust.ie\/","name":"Galway Civic Trust - D\u00fachas Na Gaillimhe","description":"Galway Civic Trust - D\u00fachas Na Gaillimhe","publisher":{"@id":"https:\/\/galwaycivictrust.ie\/#organization"},"potentialAction":[{"@type":"SearchAction","target":{"@type":"EntryPoint","urlTemplate":"https:\/\/galwaycivictrust.ie\/?s={search_term_string}"},"query-input":{"@type":"PropertyValueSpecification","valueRequired":true,"valueName":"search_term_string"}}],"inLanguage":"en-GB"},{"@type":"Organization","@id":"https:\/\/galwaycivictrust.ie\/#organization","name":"Galway Civic Trust - D\u00fachas Na Gaillimhe","url":"https:\/\/galwaycivictrust.ie\/","logo":{"@type":"ImageObject","inLanguage":"en-GB","@id":"https:\/\/galwaycivictrust.ie\/#\/schema\/logo\/image\/","url":"https:\/\/i0.wp.com\/galwaycivictrust.ie\/wp-content\/uploads\/2021\/11\/index-1.jpg?fit=225%2C225&ssl=1","contentUrl":"https:\/\/i0.wp.com\/galwaycivictrust.ie\/wp-content\/uploads\/2021\/11\/index-1.jpg?fit=225%2C225&ssl=1","width":225,"height":225,"caption":"Galway Civic Trust    -    D\u00fachas Na Gaillimhe"},"image":{"@id":"https:\/\/galwaycivictrust.ie\/#\/schema\/logo\/image\/"}},{"@type":"Person","@id":"https:\/\/galwaycivictrust.ie\/#\/schema\/person\/011f667a52f5820a24ed33813701fb69","name":"Declan O'Shea","image":{"@type":"ImageObject","inLanguage":"en-GB","@id":"https:\/\/galwaycivictrust.ie\/#\/schema\/person\/image\/","url":"https:\/\/secure.gravatar.com\/avatar\/fa3e268e28ac0f56db9eab20787bec1804913f685ab6306f77361565fd0713ce?s=96&d=mm&r=g","contentUrl":"https:\/\/secure.gravatar.com\/avatar\/fa3e268e28ac0f56db9eab20787bec1804913f685ab6306f77361565fd0713ce?s=96&d=mm&r=g","caption":"Declan O'Shea"},"sameAs":["https:\/\/galwaycivictrust.ie","https:\/\/www.facebook.com\/declan.oshea.31","https:\/\/x.com\/GalwayCTrust"],"url":"https:\/\/galwaycivictrust.ie\/index.php\/author\/admin_iarla\/"}]}},"jetpack_publicize_connections":[],"jetpack_featured_media_url":"https:\/\/i0.wp.com\/galwaycivictrust.ie\/wp-content\/uploads\/2022\/10\/132124.jpg?fit=700%2C567&ssl=1","jetpack_likes_enabled":true,"jetpack_sharing_enabled":true,"jetpack-related-posts":[],"jetpack_shortlink":"https:\/\/wp.me\/pdwf9E-7M","_links":{"self":[{"href":"https:\/\/galwaycivictrust.ie\/index.php\/wp-json\/wp\/v2\/posts\/482","targetHints":{"allow":["GET"]}}],"collection":[{"href":"https:\/\/galwaycivictrust.ie\/index.php\/wp-json\/wp\/v2\/posts"}],"about":[{"href":"https:\/\/galwaycivictrust.ie\/index.php\/wp-json\/wp\/v2\/types\/post"}],"author":[{"embeddable":true,"href":"https:\/\/galwaycivictrust.ie\/index.php\/wp-json\/wp\/v2\/users\/1"}],"replies":[{"embeddable":true,"href":"https:\/\/galwaycivictrust.ie\/index.php\/wp-json\/wp\/v2\/comments?post=482"}],"version-history":[{"count":2,"href":"https:\/\/galwaycivictrust.ie\/index.php\/wp-json\/wp\/v2\/posts\/482\/revisions"}],"predecessor-version":[{"id":503,"href":"https:\/\/galwaycivictrust.ie\/index.php\/wp-json\/wp\/v2\/posts\/482\/revisions\/503"}],"wp:featuredmedia":[{"embeddable":true,"href":"https:\/\/galwaycivictrust.ie\/index.php\/wp-json\/wp\/v2\/media\/483"}],"wp:attachment":[{"href":"https:\/\/galwaycivictrust.ie\/index.php\/wp-json\/wp\/v2\/media?parent=482"}],"wp:term":[{"taxonomy":"category","embeddable":true,"href":"https:\/\/galwaycivictrust.ie\/index.php\/wp-json\/wp\/v2\/categories?post=482"},{"taxonomy":"post_tag","embeddable":true,"href":"https:\/\/galwaycivictrust.ie\/index.php\/wp-json\/wp\/v2\/tags?post=482"}],"curies":[{"name":"wp","href":"https:\/\/api.w.org\/{rel}","templated":true}]}}